{"id":11149,"date":"2026-08-31T12:50:05","date_gmt":"2026-08-31T15:50:05","guid":{"rendered":"https:\/\/dicyt.usach.cl\/?p=11149"},"modified":"2026-08-31T12:55:19","modified_gmt":"2026-08-31T15:55:19","slug":"taekwondo-despues-de-los-50-la-propuesta-usach-que-transforma-las-artes-marciales-en-una-alternativa-para-envejecer-activamente","status":"publish","type":"post","link":"https:\/\/dicyt.usach.cl\/index.php\/taekwondo-despues-de-los-50-la-propuesta-usach-que-transforma-las-artes-marciales-en-una-alternativa-para-envejecer-activamente\/","title":{"rendered":"Taekwondo despu\u00e9s de los 50: la propuesta Usach que transforma las artes marciales en una alternativa para envejecer activamente"},"content":{"rendered":"\t\t<div data-elementor-type=\"wp-post\" data-elementor-id=\"11149\" class=\"elementor elementor-11149\" data-elementor-post-type=\"post\">\n\t\t\t\t\t\t<section class=\"elementor-section elementor-top-section elementor-element elementor-element-44d4db7a elementor-section-boxed elementor-section-height-default elementor-section-height-default\" data-id=\"44d4db7a\" data-element_type=\"section\" data-e-type=\"section\">\n\t\t\t\t\t\t<div class=\"elementor-container elementor-column-gap-default\">\n\t\t\t\t\t<div class=\"elementor-column elementor-col-100 elementor-top-column elementor-element elementor-element-26d44c44\" data-id=\"26d44c44\" data-element_type=\"column\" data-e-type=\"column\">\n\t\t\t<div class=\"elementor-widget-wrap elementor-element-populated\">\n\t\t\t\t\t\t<section class=\"elementor-section elementor-inner-section elementor-element elementor-element-75ae193f elementor-section-boxed elementor-section-height-default elementor-section-height-default\" data-id=\"75ae193f\" data-element_type=\"section\" data-e-type=\"section\">\n\t\t\t\t\t\t<div class=\"elementor-container elementor-column-gap-default\">\n\t\t\t\t\t<div class=\"elementor-column elementor-col-100 elementor-inner-column elementor-element elementor-element-d8be267\" data-id=\"d8be267\" data-element_type=\"column\" data-e-type=\"column\">\n\t\t\t<div class=\"elementor-widget-wrap elementor-element-populated\">\n\t\t\t\t\t\t<div class=\"elementor-element elementor-element-4b228287 elementor-widget elementor-widget-text-editor\" data-id=\"4b228287\" data-element_type=\"widget\" data-e-type=\"widget\" data-widget_type=\"text-editor.default\">\n\t\t\t\t<div class=\"elementor-widget-container\">\n\t\t\t\t\t\t\t\t\t<p><strong><i>Un taller de artes marciales adaptado, liderado por el Dr. Tom\u00e1s Herrera-Valenzuela de la Universidad de Santiago de Chile busca adecuar esta disciplina en una herramienta para el envejecimiento activo destinada al funcionariado adulto mayor. Detr\u00e1s de la iniciativa hay m\u00e1s de una d\u00e9cada de investigaci\u00f3n y la ambici\u00f3n de convertirla en un modelo replicable a nivel nacional.<\/i><\/strong><\/p><p><!-- \/wp:image --><!-- wp:paragraph --><\/p><p><!-- \/wp:paragraph --><\/p>\t\t\t\t\t\t\t\t<\/div>\n\t\t\t\t<\/div>\n\t\t\t\t<div class=\"elementor-element elementor-element-73b7b772 elementor-widget elementor-widget-text-editor\" data-id=\"73b7b772\" data-element_type=\"widget\" data-e-type=\"widget\" data-widget_type=\"text-editor.default\">\n\t\t\t\t<div class=\"elementor-widget-container\">\n\t\t\t\t\t\t\t\t\t<p><span style=\"font-weight: 400;\">El envejecimiento de la poblaci\u00f3n es uno de los fen\u00f3menos demogr\u00e1ficos m\u00e1s notorios de las pr\u00f3ximas d\u00e9cadas. Seg\u00fan el <strong>Instituto Nacional de Estad\u00edsticas (INE), si en 2022 las personas adultas mayores de 60 a\u00f1os representaban un 18,1% en Chile (cerca de 3,6 millones de personas), hacia 2050 esa cifra podr\u00eda llegar a uno de cada tres, en un pa\u00eds donde adem\u00e1s la esperanza de vida sigue en aumento.\u00a0<\/strong><\/span><\/p><p><span style=\"font-weight: 400;\">A ese escenario quiere responder, desde hace m\u00e1s de una d\u00e9cada, el trabajo del acad\u00e9mico e investigador de la Facultad de Ciencias M\u00e9dicas Usach,<strong> Dr. Tom\u00e1s Herrera-Valenzuela.<\/strong> El investigador plantea un desaf\u00edo que va m\u00e1s all\u00e1 de vivir m\u00e1s a\u00f1os. Busca que se viva con la mayor autonom\u00eda posible. Ah\u00ed se concentra buena parte de la discusi\u00f3n actual en salud p\u00fablica: qu\u00e9 tipo de actividades pueden sostener la funcionalidad de las personas mayores en el tiempo, m\u00e1s all\u00e1 de las alternativas tradicionales.<\/span><\/p><p><span style=\"font-weight: 400;\">En este contexto, <strong>Herrera-Valenzuela<\/strong> lleva m\u00e1s de una d\u00e9cada estudiando el efecto de las artes marciales adaptadas en la funcionalidad de las <strong>personas mayores,<\/strong> entendida como la capacidad de caminar, usar el transporte p\u00fablico o desenvolverse de forma independiente en el d\u00eda a d\u00eda.<\/span><\/p><p><i><span style=\"font-weight: 400;\"> \u201cFormamos parte de un equipo de trabajo, junto a destacados investigadores como el Dr. Pablo Vald\u00e9s-Badilla de la Universidad Cat\u00f3lica del Maule y el Prof. Jordan Herand\u00e9z-Mart\u00ednez de la Universidad de Los Lagos, con quienes hemos encontrado que el taekwondo adaptado tendr\u00eda mejoras en la funcionalidad de las personas mayores\u201d,<\/span><\/i><span style=\"font-weight: 400;\"> se\u00f1ala el investigador, quien apunta a que esos resultados se acompa\u00f1an de beneficios en memoria y coordinaci\u00f3n.<\/span><\/p><p><span style=\"font-weight: 400;\">El impacto de esta l\u00ednea de trabajo es doble: por un lado, apunta a mejoras medibles en la autonom\u00eda y la calidad de vida de quienes participan; por otro, busca instalarse como un modelo replicable para las pol\u00edticas de envejecimiento activo en Chile. Para Herrera-Valenzuela, esta doble proyecci\u00f3n es justamente lo que hace relevante llevar este tipo de programas m\u00e1s all\u00e1 de la ciencia y convertirlos en una alternativa real para las personas mayores.<\/span><\/p><p><b><i>El origen de la iniciativa<\/i><\/b><\/p><p><span style=\"font-weight: 400;\">Lo distintivo de la propuesta es que toma una disciplina asociada tradicionalmente a la competencia y el combate, y la transforma en una herramienta para el envejecimiento activo. La iniciativa naci\u00f3 de un llamado abierto impulsado desde la Carrera de \u201cEntrenador Deportivo\u201d de la \u201cEscuela de Ciencias de la Actividad F\u00edsica, el Deporte y la Salud\u201d, a trav\u00e9s del Departamento de Bienestar del Personal.<\/span><\/p><p><span style=\"font-weight: 400;\"><strong>Desde entonces, cualquier persona desde los 50 a\u00f1os, puede sumarse un martes o jueves, sin necesidad de experiencia previa.<\/strong> El taller no tiene fines competitivos ni de combate: cada participante avanza seg\u00fan sus propias capacidades, bajo un curr\u00edculum que contempla graduaciones de cintur\u00f3n semestre a semestre y que, en un plazo de cuatro o cinco a\u00f1os, permite alcanzar incluso el cintur\u00f3n negro.<\/span> <i><span style=\"font-weight: 400;\">\u201cCada uno realiza la actividad en base a sus posibilidades. Ellos aprenden de verdad, pero en base a sus posibilidades\u201d,<\/span><\/i><span style=\"font-weight: 400;\"> resume Herrera-Valenzuela.<\/span><\/p><p><span style=\"font-weight: 400;\">Los propios participantes describen los efectos que han notado desde que se sumaron. <\/span><i><span style=\"font-weight: 400;\">\u201cAc\u00e1 abarcamos memoria, flexibilidad y fuerza; a m\u00ed me sirve mucho<\/span><\/i><span style=\"font-weight: 400;\">\u201d, cuenta <\/span><b>Mariela Rivas, <\/b><span style=\"font-weight: 400;\">funcionaria de la Usach. Por otro lado, <\/span><b>Enriqueta Huma\u00f1a,<\/b><span style=\"font-weight: 400;\"> pensionada de la Universidad, resume as\u00ed lo que descubri\u00f3 en el taller: <\/span><i><span style=\"font-weight: 400;\">\u201cAqu\u00ed yo puedo ocupar mis piernas, mis brazos y mi mente\u201d<\/span><\/i><span style=\"font-weight: 400;\">. Finalmente, <\/span><b>Ricardo Vega,<\/b><span style=\"font-weight: 400;\"> acad\u00e9mico Usach, retom\u00f3 la actividad f\u00edsica despu\u00e9s de dos o tres d\u00e9cadas sin practicar deporte: \u201c<\/span><i><span style=\"font-weight: 400;\">Me necesitaba ejercitar porque fui deportista muchos a\u00f1os\u201d,<\/span><\/i><span style=\"font-weight: 400;\"> relata. En ese contexto los participantes destacan que les ha ayudado a su vida cotidiana y a estar m\u00e1s seguros de s\u00ed mismos.<\/span><\/p><p><span style=\"font-weight: 400;\">El profesor a cargo de la\u00a0 clase, <\/span><b>Diego Aravena Tapia, <\/b><span style=\"font-weight: 400;\">tambi\u00e9n valora la evoluci\u00f3n del grupo, sobre todo en t\u00e9cnicas que rara vez se ven en personas mayores de 50 a\u00f1os, como las patadas con giro. <\/span><i><span style=\"font-weight: 400;\">\u201cPero ellos lo est\u00e1n haciendo\u201d<\/span><\/i><span style=\"font-weight: 400;\">, destaca y explica que este avance responde a un trabajo t\u00e9cnico de base que despu\u00e9s permite aprender coreograf\u00edas completas con mayor fluidez y en menos tiempo.<\/span><\/p>\t\t\t\t\t\t\t\t<\/div>\n\t\t\t\t<\/div>\n\t\t\t\t\t<\/div>\n\t\t<\/div>\n\t\t\t\t\t<\/div>\n\t\t<\/section>\n\t\t\t\t\t<\/div>\n\t\t<\/div>\n\t\t\t\t\t<\/div>\n\t\t<\/section>\n\t\t<div class=\"elementor-element elementor-element-fbe1d1e e-flex e-con-boxed e-con e-parent\" data-id=\"fbe1d1e\" data-element_type=\"container\" data-e-type=\"container\">\n\t\t\t\t\t<div class=\"e-con-inner\">\n\t\t\t\t<div class=\"elementor-element elementor-element-17b8b58 elementor-arrows-position-inside elementor-pagination-position-outside elementor-widget elementor-widget-image-carousel\" data-id=\"17b8b58\" data-element_type=\"widget\" data-e-type=\"widget\" data-settings=\"{&quot;slides_to_show&quot;:&quot;1&quot;,&quot;navigation&quot;:&quot;both&quot;,&quot;autoplay&quot;:&quot;yes&quot;,&quot;pause_on_hover&quot;:&quot;yes&quot;,&quot;pause_on_interaction&quot;:&quot;yes&quot;,&quot;autoplay_speed&quot;:5000,&quot;infinite&quot;:&quot;yes&quot;,&quot;effect&quot;:&quot;slide&quot;,&quot;speed&quot;:500}\" data-widget_type=\"image-carousel.default\">\n\t\t\t\t<div class=\"elementor-widget-container\">\n\t\t\t\t\t\t\t<div class=\"elementor-image-carousel-wrapper swiper\" role=\"region\" aria-roledescription=\"carousel\" aria-label=\"Carrusel de im\u00e1genes\" dir=\"ltr\">\n\t\t\t<div class=\"elementor-image-carousel swiper-wrapper\" aria-live=\"off\">\n\t\t\t\t\t\t\t\t<div class=\"swiper-slide\" role=\"group\" aria-roledescription=\"slide\" aria-label=\"1 de 5\"><figure class=\"swiper-slide-inner\"><img decoding=\"async\" class=\"swiper-slide-image\" src=\"https:\/\/dicyt.usach.cl\/wp-content\/uploads\/2026\/08\/TH-1-1536x1024.jpg\" alt=\"TH-1\" \/><\/figure><\/div><div class=\"swiper-slide\" role=\"group\" aria-roledescription=\"slide\" aria-label=\"2 de 5\"><figure class=\"swiper-slide-inner\"><img decoding=\"async\" class=\"swiper-slide-image\" src=\"https:\/\/dicyt.usach.cl\/wp-content\/uploads\/2026\/08\/TH-3-1536x1024.jpg\" alt=\"TH-3\" \/><\/figure><\/div><div class=\"swiper-slide\" role=\"group\" aria-roledescription=\"slide\" aria-label=\"3 de 5\"><figure class=\"swiper-slide-inner\"><img decoding=\"async\" class=\"swiper-slide-image\" src=\"https:\/\/dicyt.usach.cl\/wp-content\/uploads\/2026\/08\/TH-5-1536x1024.jpg\" alt=\"TH-5\" \/><\/figure><\/div><div class=\"swiper-slide\" role=\"group\" aria-roledescription=\"slide\" aria-label=\"4 de 5\"><figure class=\"swiper-slide-inner\"><img decoding=\"async\" class=\"swiper-slide-image\" src=\"https:\/\/dicyt.usach.cl\/wp-content\/uploads\/2026\/08\/TH-9-1536x1024.jpg\" alt=\"TH-9\" \/><\/figure><\/div><div class=\"swiper-slide\" role=\"group\" aria-roledescription=\"slide\" aria-label=\"5 de 5\"><figure class=\"swiper-slide-inner\"><img decoding=\"async\" class=\"swiper-slide-image\" src=\"https:\/\/dicyt.usach.cl\/wp-content\/uploads\/2026\/08\/TH-10-1536x1024.jpg\" alt=\"TH-10\" \/><\/figure><\/div>\t\t\t<\/div>\n\t\t\t\t\t\t\t\t\t\t\t\t<div class=\"elementor-swiper-button elementor-swiper-button-prev\" role=\"button\" tabindex=\"0\">\n\t\t\t\t\t\t<i aria-hidden=\"true\" class=\"eicon-chevron-left\"><\/i>\t\t\t\t\t<\/div>\n\t\t\t\t\t<div class=\"elementor-swiper-button elementor-swiper-button-next\" role=\"button\" tabindex=\"0\">\n\t\t\t\t\t\t<i aria-hidden=\"true\" class=\"eicon-chevron-right\"><\/i>\t\t\t\t\t<\/div>\n\t\t\t\t\n\t\t\t\t\t\t\t\t\t<div class=\"swiper-pagination\"><\/div>\n\t\t\t\t\t\t\t\t\t<\/div>\n\t\t\t\t\t\t<\/div>\n\t\t\t\t<\/div>\n\t\t\t\t\t<\/div>\n\t\t\t\t<\/div>\n\t\t<div class=\"elementor-element elementor-element-5f302ed e-flex e-con-boxed e-con e-parent\" data-id=\"5f302ed\" data-element_type=\"container\" data-e-type=\"container\">\n\t\t\t\t\t<div class=\"e-con-inner\">\n\t\t\t\t<div class=\"elementor-element elementor-element-270ffdb elementor-widget elementor-widget-text-editor\" data-id=\"270ffdb\" data-element_type=\"widget\" data-e-type=\"widget\" data-widget_type=\"text-editor.default\">\n\t\t\t\t<div class=\"elementor-widget-container\">\n\t\t\t\t\t\t\t\t\t<p><b><i>Un modelo pensado para escalar<\/i><\/b><\/p><p><span style=\"font-weight: 400;\">Ese trabajo tiene, adem\u00e1s, un respaldo bibliom\u00e9trico que posiciona a Herrera-Valenzuela y a la Usach dentro de un grupo reducido de referentes a nivel mundial. Un estudio publicado en 2026 en la revista Sport Sciences for Health, que analiz\u00f3 cerca de 9.600 investigaciones sobre deportes de combate ol\u00edmpicos publicadas entre 1943 y 2025, <\/span><a href=\"https:\/\/link.springer.com\/article\/10.1007\/s11332-026-01885-5\"><b>ubica al acad\u00e9mico entre los cinco autores m\u00e1s productivos del mundo en investigaci\u00f3n sobre taekwondo<\/b><span style=\"font-weight: 400;\">.<\/span><\/a><span style=\"font-weight: 400;\"> El dato se suma a un reconocimiento anterior, cuando otro estudio bibliom\u00e9trico lo situ\u00f3 como <\/span><b>el tercer investigador con m\u00e1s publicaciones en la disciplina y a la Usach como la segunda universidad del mundo con mayor producci\u00f3n cient\u00edfica en taekwondo.<\/b><\/p><p><span style=\"font-weight: 400;\">Para Herrera-Valenzuela, el paso siguiente es que este tipo de programas deje de ser una excepci\u00f3n y se transforme en una alternativa real dentro de la oferta de actividades para personas mayores en todo el pa\u00eds. Los programas gubernamentales existentes, plantea, suelen repetir siempre el mismo tipo de actividades, en parte porque se asume que las artes marciales implican un riesgo que este modelo busca justamente desmentir.<\/span><\/p><p><i><span style=\"font-weight: 400;\">\u201cEs una oportunidad nueva para las personas mayores, que no solamente son las t\u00edpicas actividades de siempre, sino que tambi\u00e9n pueden hacer un arte marcial, formarse y alcanzar incluso un cintur\u00f3n avanzado\u201d,<\/span><\/i><span style=\"font-weight: 400;\"> sostiene el acad\u00e9mico. La idea, agrega, es acercarse a federaciones deportivas para capacitar instructores y as\u00ed replicar el modelo en otros espacios destinados a adultos mayores, m\u00e1s all\u00e1 de la Universidad de Santiago de Chile.<\/span><\/p><p><span style=\"font-weight: 400;\">Consultado sobre por qu\u00e9 eligi\u00f3 el taekwondo y no otra disciplina para este tipo de programas, Herrera-Valenzuela explica que la decisi\u00f3n responde en parte a un factor pr\u00e1ctico: <\/span><i><span style=\"font-weight: 400;\">\u201cen Chile existen numerosos instructores y escuelas formadas en esta disciplina, lo que facilita capacitar a nuevos profesores y replicar el modelo en distintos lugares.\u201d <\/span><\/i><span style=\"font-weight: 400;\">A su juicio, el mismo enfoque de artes marciales adaptadas podr\u00eda aplicarse a otras disciplinas como por ejemplo el Hapkido que es un arte marcial no competitivo, pero es justamente la disponibilidad de instructores la que permite pensar en un programa que escale m\u00e1s all\u00e1 de un solo espacio.<\/span><\/p><p><i><span style=\"font-weight: 400;\">\u201cEsto muestra la importancia de la investigaci\u00f3n multidisciplinar y aplicada en la calidad de vida de las personas, esperamos que este tipo de investigaciones no vean una merma en cuanto al apoyo gubernamental, y que por el contrario, tengan impacto en las pol\u00edticas nacionales, para que las personas mayores tengan alternativas atractivas y efectivas para mejorar su calidad de vida<\/span><\/i><span style=\"font-weight: 400;\">, concluye el Dr. Herrera-Valenzuela.<\/span><\/p><p><span style=\"font-weight: 400;\">Para inscribirse al taller, contactar directamente a <\/span><strong><a href=\"mailto:Tomas.herrera@usach.cl\">tomas.herrera@usach.cl<\/a><\/strong><span style=\"font-weight: 400;\"> y\/o <\/span><strong><a href=\"mailto:diego.aravena@usach.cl\">diego.aravena@usach.cl<\/a><\/strong><\/p><p><em><strong>Por Juan Betancur<\/strong><\/em><\/p>\t\t\t\t\t\t\t\t<\/div>\n\t\t\t\t<\/div>\n\t\t\t\t\t<\/div>\n\t\t\t\t<\/div>\n\t\t\t\t<\/div>\n\t\t","protected":false},"excerpt":{"rendered":"<p>Un taller de artes marciales adaptado, liderado por el Dr. Tom\u00e1s Herrera-Valenzuela de la Universidad de Santiago de Chile busca adecuar esta disciplina en una herramienta para el envejecimiento activo destinada al funcionariado adulto mayor. Detr\u00e1s de la iniciativa hay m\u00e1s de una d\u00e9cada de investigaci\u00f3n y la ambici\u00f3n de convertirla en un modelo replicable [&hellip;]<\/p>\n","protected":false},"author":1,"featured_media":11150,"comment_status":"closed","ping_status":"closed","sticky":false,"template":"","format":"standard","meta":{"inline_featured_image":false,"_monsterinsights_skip_tracking":false,"site-sidebar-layout":"default","site-content-layout":"","ast-site-content-layout":"default","site-content-style":"default","site-sidebar-style":"default","ast-global-header-display":"","ast-banner-title-visibility":"","ast-main-header-display":"","ast-hfb-above-header-display":"","ast-hfb-below-header-display":"","ast-hfb-mobile-header-display":"","site-post-title":"","ast-breadcrumbs-content":"","ast-featured-img":"","footer-sml-layout":"","ast-disable-related-posts":"","theme-transparent-header-meta":"","adv-header-id-meta":"","stick-header-meta":"","header-above-stick-meta":"","header-main-stick-meta":"","header-below-stick-meta":"","astra-migrate-meta-layouts":"set","ast-page-background-enabled":"default","ast-page-background-meta":{"desktop":{"background-color":"","background-image":"","background-repeat":"repeat","background-position":"center center","background-size":"auto","background-attachment":"scroll","background-type":"","background-media":"","overlay-type":"","overlay-color":"","overlay-opacity":"","overlay-gradient":""},"tablet":{"background-color":"","background-image":"","background-repeat":"repeat","background-position":"center center","background-size":"auto","background-attachment":"scroll","background-type":"","background-media":"","overlay-type":"","overlay-color":"","overlay-opacity":"","overlay-gradient":""},"mobile":{"background-color":"","background-image":"","background-repeat":"repeat","background-position":"center center","background-size":"auto","background-attachment":"scroll","background-type":"","background-media":"","overlay-type":"","overlay-color":"","overlay-opacity":"","overlay-gradient":""}},"ast-content-background-meta":{"desktop":{"background-color":"var(--ast-global-color-5)","background-image":"","background-repeat":"repeat","background-position":"center center","background-size":"auto","background-attachment":"scroll","background-type":"","background-media":"","overlay-type":"","overlay-color":"","overlay-opacity":"","overlay-gradient":""},"tablet":{"background-color":"var(--ast-global-color-5)","background-image":"","background-repeat":"repeat","background-position":"center center","background-size":"auto","background-attachment":"scroll","background-type":"","background-media":"","overlay-type":"","overlay-color":"","overlay-opacity":"","overlay-gradient":""},"mobile":{"background-color":"var(--ast-global-color-5)","background-image":"","background-repeat":"repeat","background-position":"center center","background-size":"auto","background-attachment":"scroll","background-type":"","background-media":"","overlay-type":"","overlay-color":"","overlay-opacity":"","overlay-gradient":""}},"footnotes":""},"categories":[1],"tags":[48],"class_list":["post-11149","post","type-post","status-publish","format-standard","has-post-thumbnail","hentry","category-noticias","tag-investigacion"],"rttpg_featured_image_url":{"full":["https:\/\/dicyt.usach.cl\/wp-content\/uploads\/2026\/08\/TH-scaled.jpg",2560,1707,false],"landscape":["https:\/\/dicyt.usach.cl\/wp-content\/uploads\/2026\/08\/TH-scaled.jpg",2560,1707,false],"portraits":["https:\/\/dicyt.usach.cl\/wp-content\/uploads\/2026\/08\/TH-scaled.jpg",2560,1707,false],"thumbnail":["https:\/\/dicyt.usach.cl\/wp-content\/uploads\/2026\/08\/TH-150x150.jpg",150,150,true],"medium":["https:\/\/dicyt.usach.cl\/wp-content\/uploads\/2026\/08\/TH-300x200.jpg",300,200,true],"large":["https:\/\/dicyt.usach.cl\/wp-content\/uploads\/2026\/08\/TH-1024x683.jpg",1024,683,true],"1536x1536":["https:\/\/dicyt.usach.cl\/wp-content\/uploads\/2026\/08\/TH-1536x1024.jpg",1536,1024,true],"2048x2048":["https:\/\/dicyt.usach.cl\/wp-content\/uploads\/2026\/08\/TH-2048x1365.jpg",2048,1365,true],"psacp-medium":["https:\/\/dicyt.usach.cl\/wp-content\/uploads\/2026\/08\/TH-500x500.jpg",500,500,true],"rpwe-thumbnail":["https:\/\/dicyt.usach.cl\/wp-content\/uploads\/2026\/08\/TH-45x45.jpg",45,45,true]},"rttpg_author":{"display_name":"admin_dicyt","author_link":"https:\/\/dicyt.usach.cl\/index.php\/author\/admin_dicyt\/"},"rttpg_comment":0,"rttpg_category":"<a href=\"https:\/\/dicyt.usach.cl\/index.php\/category\/noticias\/\" rel=\"category tag\">NOTICIAS<\/a>","rttpg_excerpt":"Un taller de artes marciales adaptado, liderado por el Dr. Tom\u00e1s Herrera-Valenzuela de la Universidad de Santiago de Chile busca adecuar esta disciplina en una herramienta para el envejecimiento activo destinada al funcionariado adulto mayor. Detr\u00e1s de la iniciativa hay m\u00e1s de una d\u00e9cada de investigaci\u00f3n y la ambici\u00f3n de convertirla en un modelo replicable&hellip;","_links":{"self":[{"href":"https:\/\/dicyt.usach.cl\/index.php\/wp-json\/wp\/v2\/posts\/11149","targetHints":{"allow":["GET"]}}],"collection":[{"href":"https:\/\/dicyt.usach.cl\/index.php\/wp-json\/wp\/v2\/posts"}],"about":[{"href":"https:\/\/dicyt.usach.cl\/index.php\/wp-json\/wp\/v2\/types\/post"}],"author":[{"embeddable":true,"href":"https:\/\/dicyt.usach.cl\/index.php\/wp-json\/wp\/v2\/users\/1"}],"replies":[{"embeddable":true,"href":"https:\/\/dicyt.usach.cl\/index.php\/wp-json\/wp\/v2\/comments?post=11149"}],"version-history":[{"count":4,"href":"https:\/\/dicyt.usach.cl\/index.php\/wp-json\/wp\/v2\/posts\/11149\/revisions"}],"predecessor-version":[{"id":11159,"href":"https:\/\/dicyt.usach.cl\/index.php\/wp-json\/wp\/v2\/posts\/11149\/revisions\/11159"}],"wp:featuredmedia":[{"embeddable":true,"href":"https:\/\/dicyt.usach.cl\/index.php\/wp-json\/wp\/v2\/media\/11150"}],"wp:attachment":[{"href":"https:\/\/dicyt.usach.cl\/index.php\/wp-json\/wp\/v2\/media?parent=11149"}],"wp:term":[{"taxonomy":"category","embeddable":true,"href":"https:\/\/dicyt.usach.cl\/index.php\/wp-json\/wp\/v2\/categories?post=11149"},{"taxonomy":"post_tag","embeddable":true,"href":"https:\/\/dicyt.usach.cl\/index.php\/wp-json\/wp\/v2\/tags?post=11149"}],"curies":[{"name":"wp","href":"https:\/\/api.w.org\/{rel}","templated":true}]}}