{"id":9433,"date":"2025-12-16T18:05:15","date_gmt":"2025-12-16T21:05:15","guid":{"rendered":"https:\/\/dicyt.usach.cl\/?p=9433"},"modified":"2025-12-16T18:06:08","modified_gmt":"2025-12-16T21:06:08","slug":"usach-encabeza-nucleo-milenio-que-investiga-a-estudiantes-de-altas-capacidades-en-el-sistema-educacional-chileno","status":"publish","type":"post","link":"https:\/\/dicyt.usach.cl\/index.php\/usach-encabeza-nucleo-milenio-que-investiga-a-estudiantes-de-altas-capacidades-en-el-sistema-educacional-chileno\/","title":{"rendered":"Usach encabeza N\u00facleo Milenio que investiga a estudiantes de altas capacidades en el sistema educacional chileno"},"content":{"rendered":"\t\t<div data-elementor-type=\"wp-post\" data-elementor-id=\"9433\" class=\"elementor elementor-9433\">\n\t\t\t\t\t\t<section class=\"elementor-section elementor-top-section elementor-element elementor-element-68d80de4 elementor-section-boxed elementor-section-height-default elementor-section-height-default\" data-id=\"68d80de4\" data-element_type=\"section\" data-e-type=\"section\">\n\t\t\t\t\t\t<div class=\"elementor-container elementor-column-gap-default\">\n\t\t\t\t\t<div class=\"elementor-column elementor-col-100 elementor-top-column elementor-element elementor-element-1b82501\" data-id=\"1b82501\" data-element_type=\"column\" data-e-type=\"column\">\n\t\t\t<div class=\"elementor-widget-wrap elementor-element-populated\">\n\t\t\t\t\t\t<section class=\"elementor-section elementor-inner-section elementor-element elementor-element-273c8d7b elementor-section-boxed elementor-section-height-default elementor-section-height-default\" data-id=\"273c8d7b\" data-element_type=\"section\" data-e-type=\"section\">\n\t\t\t\t\t\t<div class=\"elementor-container elementor-column-gap-default\">\n\t\t\t\t\t<div class=\"elementor-column elementor-col-100 elementor-inner-column elementor-element elementor-element-cd7bc1f\" data-id=\"cd7bc1f\" data-element_type=\"column\" data-e-type=\"column\">\n\t\t\t<div class=\"elementor-widget-wrap elementor-element-populated\">\n\t\t\t\t\t\t<div class=\"elementor-element elementor-element-51f856d2 elementor-widget elementor-widget-text-editor\" data-id=\"51f856d2\" data-element_type=\"widget\" data-e-type=\"widget\" data-widget_type=\"text-editor.default\">\n\t\t\t\t<div class=\"elementor-widget-container\">\n\t\t\t\t\t\t\t\t\t<p><\/p><p>La iniciativa es liderada por la Dra. Mar\u00eda Paz G\u00f3mez, acad\u00e9mica de la Escuela de Psicolog\u00eda, y tiene como objetivo fortalecer el estudio de las altas capacidades, aportar a la formulaci\u00f3n de pol\u00edticas p\u00fablicas y desarrollar estrategias pedag\u00f3gicas inclusivas.<\/p><p><\/p><p><\/p>\t\t\t\t\t\t\t\t<\/div>\n\t\t\t\t<\/div>\n\t\t\t\t<div class=\"elementor-element elementor-element-16b8ec3b elementor-widget elementor-widget-text-editor\" data-id=\"16b8ec3b\" data-element_type=\"widget\" data-e-type=\"widget\" data-widget_type=\"text-editor.default\">\n\t\t\t\t<div class=\"elementor-widget-container\">\n\t\t\t\t\t\t\t\t\t<p><span style=\"font-weight: 400;\">En los \u00faltimos a\u00f1os, el sistema educativo chileno ha enfrentado m\u00faltiples desaf\u00edos asociados a la creciente diversidad de ni\u00f1as, ni\u00f1os y j\u00f3venes que lo conforman, considerando tanto a quienes presentan mayores dificultades en sus procesos de aprendizaje como a aquellos que desarrollan habilidades y capacidades por sobre el promedio. Este escenario ha puesto en evidencia la necesidad de avanzar hacia enfoques educativos m\u00e1s flexibles, inclusivos y capaces de responder a distintas trayectorias formativas.<\/span><\/p><p><span style=\"font-weight: 400;\">Un ejemplo de ello lo constituye un grupo de estudiantes que representa entre el 10% y el 15% de la poblaci\u00f3n y que posee un alto potencial intelectual, conocido como altas capacidades. Este concepto se refiere a habilidades superiores al promedio en \u00e1mbitos cognitivos, creativos o socioemocionales, que pueden manifestarse en \u00e1reas acad\u00e9micas, deportivas, art\u00edsticas e incluso en el liderazgo.<\/span><\/p><p><span style=\"font-style: inherit; background-color: transparent;\">Para abordar este desaf\u00edo, nace el <\/span><b style=\"font-style: inherit; background-color: transparent;\">\u201cN\u00facleo Milenio para el estudio integral de las altas capacidades y sus diversos contextos (MICAI)<\/b><span style=\"font-style: inherit; background-color: transparent;\">\u201d liderado por la <strong>Dra. Mar\u00eda Paz G\u00f3mez de la\u00a0 Escuela de Psicolog\u00eda de la Usach,<\/strong> en colaboraci\u00f3n con la <strong>Universidad de Talca y la Pontificia Universidad Cat\u00f3lica de Valpara\u00edso.<\/strong> Esta iniciativa busca consolidar a\u00f1os de trabajo previo a trav\u00e9s de la conformaci\u00f3n de un equipo de investigaci\u00f3n de las universidades mencionadas, unificando l\u00edneas de investigaci\u00f3n integradas entre s\u00ed para estudiar el fen\u00f3meno de las altas capacidades de manera integral y contextual.<\/span><\/p><p>\u201cE<i><span style=\"background-color: transparent;\">l objetivo central no es solo la producci\u00f3n de conocimiento cient\u00edfico de frontera, sino que ta<\/span><span style=\"background-color: transparent;\">mbi\u00e9n generar un impacto social, un \u00e1mbito donde la alta capacidad ha tenido poca presencia legislativa en comparaci\u00f3n con otras condiciones, como la Ley N\u00b0 21.545, conocida como Ley TEA.\u201d<\/span><\/i><b style=\"font-style: inherit; background-color: transparent;\"> <\/b><span style=\"font-style: inherit; background-color: transparent;\">Explic\u00f3 la Dra. Mar\u00eda Paz G\u00f3mez.<\/span><\/p><p><span style=\"font-weight: 400;\">De esta manera, el proyecto busca estudiar integralmente este fen\u00f3meno de una manera contextual. El trabajo contempla tres ejes que trabajar\u00e1n de manera simult\u00e1nea: la identificaci\u00f3n y evaluaci\u00f3n de la alta capacidad con pertinencia cultural; la respuesta educativa para dise\u00f1ar estrategias con docentes de aula; y la investigaci\u00f3n en poblaciones espec\u00edficas subrepresentadas, como mujeres, adultos y estudiantes con doble excepcionalidad.<\/span><\/p><p><b style=\"font-style: inherit; background-color: transparent;\">Del diagn\u00f3stico a las aulas<\/b><\/p><p><span style=\"font-style: inherit; background-color: transparent;\">Adem\u00e1s uno de los diagn\u00f3sticos cr\u00edticos que aborda el N\u00facleo Milenio MICAI es la barrera pedag\u00f3gica existente, ya que la falta de una pol\u00edtica clara y de formaci\u00f3n inicial docente en la materia genera que, muchas veces, el estudiante con altas capacidades experimente un desajuste en el aula.<\/span><\/p><p><b style=\"font-style: inherit; background-color: transparent;\">\u201c<\/b><span style=\"background-color: transparent;\"><i>E<\/i><\/span><i><span style=\"background-color: transparent;\">s como si les pusi\u00e9ramos un freno. Ese tope o desajuste puede tener consecuencias importantes en los estudiantes, que van desde la desmotivaci\u00f3n escolar hasta impactos en su salud mental y bienestar\u201d<\/span><span style=\"background-color: transparent;\">, <\/span><\/i><span style=\"font-style: inherit; background-color: transparent;\">advirti\u00f3 la investigadora Usach.<\/span><\/p><p><span style=\"font-style: inherit; background-color: transparent;\">Por ello, una de las l\u00edneas claves del proyecto es la respuesta educativa, ya que el equipo explora trabajar en conjunto con los docentes para dise\u00f1ar estrategias efectivas que puedan implementarse dentro del aula com\u00fan, sin tensionar la labor del profesor, pero permitiendo un abordaje pedag\u00f3gico curricular adecuado a estas necesidades.<\/span><\/p><p><span style=\"font-weight: 400;\">Finalmente, el proyecto destaca por su proyecci\u00f3n internacional, ya que busca fortalecer la colaboraci\u00f3n con instituciones de M\u00e9xico, Estados Unidos y distintos pa\u00edses europeos, con el objetivo de conocer experiencias y enfoques desarrollados en otros contextos, adapt\u00e1ndolos de manera pertinente a la realidad chilena.<\/span><\/p><p><span style=\"background-color: transparent; font-style: inherit; font-weight: inherit;\"><em>\u201cEste es uno de los pocos proyectos de este tipo en Latinoam\u00e9rica. Queremos consolidar una red regional, ya que, a diferencia de Europa o Estados Unidos, donde existen asociaciones consolidadas en torno a las altas capacidades, en nuestra regi\u00f3n a\u00fan hay un camino por recorrer. Por ello, tambi\u00e9n aspiramos a incidir en las pol\u00edticas p\u00fablicas, aprendiendo de experiencias internacionales, pero siempre con una mirada situada en el contexto nacional\u201d<\/em>, concluy\u00f3 la Dra. G\u00f3mez.<br \/><br \/><em><strong>Texto: <\/strong>Benjam\u00edn Groff Bugue\u00f1o<\/em><\/span><\/p>\t\t\t\t\t\t\t\t<\/div>\n\t\t\t\t<\/div>\n\t\t\t\t\t<\/div>\n\t\t<\/div>\n\t\t\t\t\t<\/div>\n\t\t<\/section>\n\t\t\t\t\t<\/div>\n\t\t<\/div>\n\t\t\t\t\t<\/div>\n\t\t<\/section>\n\t\t\t\t<\/div>\n\t\t","protected":false},"excerpt":{"rendered":"<p>La iniciativa es liderada por la Dra. Mar\u00eda Paz G\u00f3mez, acad\u00e9mica de la Escuela de Psicolog\u00eda, y tiene como objetivo fortalecer el estudio de las altas capacidades, aportar a la formulaci\u00f3n de pol\u00edticas p\u00fablicas y desarrollar estrategias pedag\u00f3gicas inclusivas. En los \u00faltimos a\u00f1os, el sistema educativo chileno ha enfrentado m\u00faltiples desaf\u00edos asociados a la creciente [&hellip;]<\/p>\n","protected":false},"author":1,"featured_media":9435,"comment_status":"closed","ping_status":"","sticky":false,"template":"","format":"standard","meta":{"inline_featured_image":false,"_monsterinsights_skip_tracking":false,"_monsterinsights_sitenote_active":false,"_monsterinsights_sitenote_note":"","_monsterinsights_sitenote_category":0,"site-sidebar-layout":"default","site-content-layout":"","ast-site-content-layout":"default","site-content-style":"default","site-sidebar-style":"default","ast-global-header-display":"","ast-banner-title-visibility":"","ast-main-header-display":"","ast-hfb-above-header-display":"","ast-hfb-below-header-display":"","ast-hfb-mobile-header-display":"","site-post-title":"","ast-breadcrumbs-content":"","ast-featured-img":"","footer-sml-layout":"","ast-disable-related-posts":"","theme-transparent-header-meta":"","adv-header-id-meta":"","stick-header-meta":"","header-above-stick-meta":"","header-main-stick-meta":"","header-below-stick-meta":"","astra-migrate-meta-layouts":"set","ast-page-background-enabled":"default","ast-page-background-meta":{"desktop":{"background-color":"","background-image":"","background-repeat":"repeat","background-position":"center center","background-size":"auto","background-attachment":"scroll","background-type":"","background-media":"","overlay-type":"","overlay-color":"","overlay-opacity":"","overlay-gradient":""},"tablet":{"background-color":"","background-image":"","background-repeat":"repeat","background-position":"center center","background-size":"auto","background-attachment":"scroll","background-type":"","background-media":"","overlay-type":"","overlay-color":"","overlay-opacity":"","overlay-gradient":""},"mobile":{"background-color":"","background-image":"","background-repeat":"repeat","background-position":"center center","background-size":"auto","background-attachment":"scroll","background-type":"","background-media":"","overlay-type":"","overlay-color":"","overlay-opacity":"","overlay-gradient":""}},"ast-content-background-meta":{"desktop":{"background-color":"var(--ast-global-color-5)","background-image":"","background-repeat":"repeat","background-position":"center center","background-size":"auto","background-attachment":"scroll","background-type":"","background-media":"","overlay-type":"","overlay-color":"","overlay-opacity":"","overlay-gradient":""},"tablet":{"background-color":"var(--ast-global-color-5)","background-image":"","background-repeat":"repeat","background-position":"center center","background-size":"auto","background-attachment":"scroll","background-type":"","background-media":"","overlay-type":"","overlay-color":"","overlay-opacity":"","overlay-gradient":""},"mobile":{"background-color":"var(--ast-global-color-5)","background-image":"","background-repeat":"repeat","background-position":"center center","background-size":"auto","background-attachment":"scroll","background-type":"","background-media":"","overlay-type":"","overlay-color":"","overlay-opacity":"","overlay-gradient":""}},"footnotes":""},"categories":[1],"tags":[48],"class_list":["post-9433","post","type-post","status-publish","format-standard","has-post-thumbnail","hentry","category-noticias","tag-investigacion"],"rttpg_featured_image_url":{"full":["https:\/\/dicyt.usach.cl\/wp-content\/uploads\/2025\/12\/Sin-titulo-1100-x-363-px-18.png",1100,363,false],"landscape":["https:\/\/dicyt.usach.cl\/wp-content\/uploads\/2025\/12\/Sin-titulo-1100-x-363-px-18.png",1100,363,false],"portraits":["https:\/\/dicyt.usach.cl\/wp-content\/uploads\/2025\/12\/Sin-titulo-1100-x-363-px-18.png",1100,363,false],"thumbnail":["https:\/\/dicyt.usach.cl\/wp-content\/uploads\/2025\/12\/Sin-titulo-1100-x-363-px-18-150x150.png",150,150,true],"medium":["https:\/\/dicyt.usach.cl\/wp-content\/uploads\/2025\/12\/Sin-titulo-1100-x-363-px-18-300x99.png",300,99,true],"large":["https:\/\/dicyt.usach.cl\/wp-content\/uploads\/2025\/12\/Sin-titulo-1100-x-363-px-18-1024x338.png",1024,338,true],"1536x1536":["https:\/\/dicyt.usach.cl\/wp-content\/uploads\/2025\/12\/Sin-titulo-1100-x-363-px-18.png",1100,363,false],"2048x2048":["https:\/\/dicyt.usach.cl\/wp-content\/uploads\/2025\/12\/Sin-titulo-1100-x-363-px-18.png",1100,363,false],"psacp-medium":["https:\/\/dicyt.usach.cl\/wp-content\/uploads\/2025\/12\/Sin-titulo-1100-x-363-px-18.png",500,165,false],"rpwe-thumbnail":["https:\/\/dicyt.usach.cl\/wp-content\/uploads\/2025\/12\/Sin-titulo-1100-x-363-px-18-45x45.png",45,45,true]},"rttpg_author":{"display_name":"admin_dicyt","author_link":"https:\/\/dicyt.usach.cl\/index.php\/author\/admin_dicyt\/"},"rttpg_comment":0,"rttpg_category":"<a href=\"https:\/\/dicyt.usach.cl\/index.php\/category\/noticias\/\" rel=\"category tag\">NOTICIAS<\/a>","rttpg_excerpt":"La iniciativa es liderada por la Dra. Mar\u00eda Paz G\u00f3mez, acad\u00e9mica de la Escuela de Psicolog\u00eda, y tiene como objetivo fortalecer el estudio de las altas capacidades, aportar a la formulaci\u00f3n de pol\u00edticas p\u00fablicas y desarrollar estrategias pedag\u00f3gicas inclusivas. En los \u00faltimos a\u00f1os, el sistema educativo chileno ha enfrentado m\u00faltiples desaf\u00edos asociados a la creciente&hellip;","_links":{"self":[{"href":"https:\/\/dicyt.usach.cl\/index.php\/wp-json\/wp\/v2\/posts\/9433","targetHints":{"allow":["GET"]}}],"collection":[{"href":"https:\/\/dicyt.usach.cl\/index.php\/wp-json\/wp\/v2\/posts"}],"about":[{"href":"https:\/\/dicyt.usach.cl\/index.php\/wp-json\/wp\/v2\/types\/post"}],"author":[{"embeddable":true,"href":"https:\/\/dicyt.usach.cl\/index.php\/wp-json\/wp\/v2\/users\/1"}],"replies":[{"embeddable":true,"href":"https:\/\/dicyt.usach.cl\/index.php\/wp-json\/wp\/v2\/comments?post=9433"}],"version-history":[{"count":4,"href":"https:\/\/dicyt.usach.cl\/index.php\/wp-json\/wp\/v2\/posts\/9433\/revisions"}],"predecessor-version":[{"id":9438,"href":"https:\/\/dicyt.usach.cl\/index.php\/wp-json\/wp\/v2\/posts\/9433\/revisions\/9438"}],"wp:featuredmedia":[{"embeddable":true,"href":"https:\/\/dicyt.usach.cl\/index.php\/wp-json\/wp\/v2\/media\/9435"}],"wp:attachment":[{"href":"https:\/\/dicyt.usach.cl\/index.php\/wp-json\/wp\/v2\/media?parent=9433"}],"wp:term":[{"taxonomy":"category","embeddable":true,"href":"https:\/\/dicyt.usach.cl\/index.php\/wp-json\/wp\/v2\/categories?post=9433"},{"taxonomy":"post_tag","embeddable":true,"href":"https:\/\/dicyt.usach.cl\/index.php\/wp-json\/wp\/v2\/tags?post=9433"}],"curies":[{"name":"wp","href":"https:\/\/api.w.org\/{rel}","templated":true}]}}