{"id":9525,"date":"2026-01-12T13:03:00","date_gmt":"2026-01-12T16:03:00","guid":{"rendered":"https:\/\/dicyt.usach.cl\/?p=9525"},"modified":"2026-01-12T13:10:03","modified_gmt":"2026-01-12T16:10:03","slug":"usach-organiza-encuentro-con-investigadoras-e-investigadores-adjudicados-con-fondecyt-iniciacion-a-la-investigacion-2026","status":"publish","type":"post","link":"https:\/\/dicyt.usach.cl\/index.php\/usach-organiza-encuentro-con-investigadoras-e-investigadores-adjudicados-con-fondecyt-iniciacion-a-la-investigacion-2026\/","title":{"rendered":"Usach organiza\u00a0encuentro con investigadoras e investigadores adjudicados con Fondecyt Iniciaci\u00f3n a la Investigaci\u00f3n 2026"},"content":{"rendered":"\t\t<div data-elementor-type=\"wp-post\" data-elementor-id=\"9525\" class=\"elementor elementor-9525\">\n\t\t\t\t\t\t<section class=\"elementor-section elementor-top-section elementor-element elementor-element-6bf7e9e8 elementor-section-boxed elementor-section-height-default elementor-section-height-default\" data-id=\"6bf7e9e8\" data-element_type=\"section\" data-e-type=\"section\">\n\t\t\t\t\t\t<div class=\"elementor-container elementor-column-gap-default\">\n\t\t\t\t\t<div class=\"elementor-column elementor-col-100 elementor-top-column elementor-element elementor-element-8e8f074\" data-id=\"8e8f074\" data-element_type=\"column\" data-e-type=\"column\">\n\t\t\t<div class=\"elementor-widget-wrap elementor-element-populated\">\n\t\t\t\t\t\t<section class=\"elementor-section elementor-inner-section elementor-element elementor-element-72be916 elementor-section-boxed elementor-section-height-default elementor-section-height-default\" data-id=\"72be916\" data-element_type=\"section\" data-e-type=\"section\">\n\t\t\t\t\t\t<div class=\"elementor-container elementor-column-gap-default\">\n\t\t\t\t\t<div class=\"elementor-column elementor-col-100 elementor-inner-column elementor-element elementor-element-815912d\" data-id=\"815912d\" data-element_type=\"column\" data-e-type=\"column\">\n\t\t\t<div class=\"elementor-widget-wrap elementor-element-populated\">\n\t\t\t\t\t\t<div class=\"elementor-element elementor-element-4a89e23e elementor-widget elementor-widget-text-editor\" data-id=\"4a89e23e\" data-element_type=\"widget\" data-e-type=\"widget\" data-widget_type=\"text-editor.default\">\n\t\t\t\t<div class=\"elementor-widget-container\">\n\t\t\t\t\t\t\t\t\t<p><\/p><p><strong>La actividad fue encabezada por el Rector (s) Dr, Cristian Mu\u00f1oz, el Prorrector, Dr, Juan Scrig, el Vicerrector de Investigaci\u00f3n, Innovaci\u00f3n y Creaci\u00f3n, Dr. Pablo Donoso, y la Vicerrectora Acad\u00e9mica, Dra. Leonora Mendoza y cont\u00f3 con la participaci\u00f3n de las y los 19 investigadores e investigadoras adjudicados este a\u00f1o, superando por primera vez el umbral hist\u00f3rico de 18 proyectos obtenidos por la Universidad en esta l\u00ednea.<\/strong><\/p><p><\/p><p><\/p>\t\t\t\t\t\t\t\t<\/div>\n\t\t\t\t<\/div>\n\t\t\t\t<div class=\"elementor-element elementor-element-3861251b elementor-widget elementor-widget-text-editor\" data-id=\"3861251b\" data-element_type=\"widget\" data-e-type=\"widget\" data-widget_type=\"text-editor.default\">\n\t\t\t\t<div class=\"elementor-widget-container\">\n\t\t\t\t\t\t\t\t\t<p><span style=\"font-weight: 400;\">La ma\u00f1ana del viernes 9 de enero, se realiz\u00f3 un encuentro de camarader\u00eda para las y los investigadores adjudicados con proyectos <\/span><b>Fondecyt Iniciaci\u00f3n 2026,<\/b><span style=\"font-weight: 400;\"> instancia que reuni\u00f3 a las principales autoridades universitarias y a quienes inician su trayectoria como investigadores responsables de proyectos competitivos.<\/span><\/p>\n<p><span style=\"font-weight: 400;\">El concurso Fondecyt Iniciaci\u00f3n tiene como objetivo fomentar y fortalecer el desarrollo de investigaci\u00f3n cient\u00edfica y tecnol\u00f3gica de excelencia, promoviendo la inserci\u00f3n y consolidaci\u00f3n de nuevas investigadoras e investigadores mediante el financiamiento de proyectos de dos o tres a\u00f1os, en todas las \u00e1reas del conocimiento, con apoyo de la <\/span><span style=\"font-weight: 400;\">Agencia Nacional de Investigaci\u00f3n y Desarrollo (ANID)<\/span><span style=\"font-weight: 400;\">.<\/span><\/p>\n<p><span style=\"font-weight: 400;\">Durante el desayuno , cada participante realiz\u00f3 una presentaci\u00f3n individual y breve de su l\u00ednea de investigaci\u00f3n, generando un espacio de conocimiento mutuo y de di\u00e1logo entre las autoridades universitarias y quienes comienzan su primer proyecto como investigadores responsables.<\/span><\/p>\n<p><span style=\"font-weight: 400;\">En ese contexto, el <\/span><b>Rector (s) Dr. Cristian Mu\u00f1oz<\/b><span style=\"font-weight: 400;\"> valor\u00f3 el resultado como un hito institucional, destacando el crecimiento sostenido de la investigaci\u00f3n en la Universidad.<\/span><\/p>\n<p><i><span style=\"font-weight: 400;\">\u201cEste es un logro muy significativo para la Usach, porque por primera vez superamos el n\u00famero hist\u00f3rico de adjudicaciones en Fondecyt Iniciaci\u00f3n. Detr\u00e1s de estas 19 adjudicaciones hay talento, esfuerzo y una nueva generaci\u00f3n de investigadoras e investigadores que vienen a renovar y fortalecer nuestra comunidad acad\u00e9mica. Esta \u2018sangre nueva\u2019 es clave para proyectar el desarrollo cient\u00edfico de la Universidad en los pr\u00f3ximos a\u00f1os\u201d<\/span><\/i><span style=\"font-weight: 400;\">, se\u00f1al\u00f3.<\/span><\/p>\n<p><span style=\"font-weight: 400;\">Por su parte, el <\/span><b>Vicerrector de Investigaci\u00f3n, Innovaci\u00f3n y Creaci\u00f3n, Dr. Pablo Donoso<\/b><span style=\"font-weight: 400;\">, enfatiz\u00f3 el compromiso institucional con el acompa\u00f1amiento de las y los adjudicados durante la ejecuci\u00f3n de sus proyectos, anunciando nuevas l\u00edneas de apoyo desde la Vicerrector\u00eda.<\/span><\/p>\n<p><i><span style=\"font-weight: 400;\">\u201cA partir de marzo comenzaremos a implementar nuevas pol\u00edticas de apoyo para las y los investigadores \u201cIniciaci\u00f3n\u201d, con el objetivo de que no enfrenten solos los desaf\u00edos de sus primeros proyectos. Como Vicerrector\u00eda, queremos fortalecer el acompa\u00f1amiento, la orientaci\u00f3n administrativa y el apoyo estrat\u00e9gico, para que puedan concentrarse en desarrollar investigaci\u00f3n de excelencia\u201d<\/span><\/i><span style=\"font-weight: 400;\">, indic\u00f3.<\/span><\/p>\n<p>La jornada culmin\u00f3 con un espacio de conversaci\u00f3n abierta entre las autoridades y las y los investigadores adjudicados, en el que se abordaron los principales desaf\u00edos asociados a la ejecuci\u00f3n de un primer proyecto Fondecyt, particularmente en lo relativo a la gesti\u00f3n administrativa y otras&nbsp; gestiones propias del quehacer universitario. Asimismo, se reflexion\u00f3 en torno a la proyecci\u00f3n de la investigaci\u00f3n en el tiempo y a los desaf\u00edos institucionales para seguir fortaleciendo las trayectorias acad\u00e9micas y el desarrollo de investigaci\u00f3n de excelencia.<\/p>\n<p><em><b>Texto y F<\/b><strong>otograf\u00edas: Camilo Araya Bernales<\/strong><\/em><\/p>\t\t\t\t\t\t\t\t<\/div>\n\t\t\t\t<\/div>\n\t\t\t\t\t<\/div>\n\t\t<\/div>\n\t\t\t\t\t<\/div>\n\t\t<\/section>\n\t\t\t\t\t<\/div>\n\t\t<\/div>\n\t\t\t\t\t<\/div>\n\t\t<\/section>\n\t\t<div class=\"elementor-element elementor-element-84832a2 e-flex e-con-boxed e-con e-parent\" data-id=\"84832a2\" data-element_type=\"container\" data-e-type=\"container\">\n\t\t\t\t\t<div class=\"e-con-inner\">\n\t\t\t\t<div class=\"elementor-element elementor-element-2b1a605 elementor-arrows-position-inside elementor-pagination-position-outside elementor-widget elementor-widget-image-carousel\" data-id=\"2b1a605\" data-element_type=\"widget\" data-e-type=\"widget\" data-settings=\"{&quot;slides_to_show&quot;:&quot;1&quot;,&quot;navigation&quot;:&quot;both&quot;,&quot;autoplay&quot;:&quot;yes&quot;,&quot;pause_on_hover&quot;:&quot;yes&quot;,&quot;pause_on_interaction&quot;:&quot;yes&quot;,&quot;autoplay_speed&quot;:5000,&quot;infinite&quot;:&quot;yes&quot;,&quot;effect&quot;:&quot;slide&quot;,&quot;speed&quot;:500}\" data-widget_type=\"image-carousel.default\">\n\t\t\t\t<div class=\"elementor-widget-container\">\n\t\t\t\t\t\t\t<div class=\"elementor-image-carousel-wrapper swiper\" role=\"region\" aria-roledescription=\"carousel\" aria-label=\"Carrusel de im\u00e1genes\" dir=\"ltr\">\n\t\t\t<div class=\"elementor-image-carousel swiper-wrapper\" aria-live=\"off\">\n\t\t\t\t\t\t\t\t<div class=\"swiper-slide\" role=\"group\" aria-roledescription=\"slide\" aria-label=\"1 de 4\"><figure class=\"swiper-slide-inner\"><img decoding=\"async\" class=\"swiper-slide-image\" src=\"https:\/\/dicyt.usach.cl\/wp-content\/uploads\/2026\/01\/DESAYUNO-1.jpg\" alt=\"DESAYUNO-1\" \/><\/figure><\/div><div class=\"swiper-slide\" role=\"group\" aria-roledescription=\"slide\" aria-label=\"2 de 4\"><figure class=\"swiper-slide-inner\"><img decoding=\"async\" class=\"swiper-slide-image\" src=\"https:\/\/dicyt.usach.cl\/wp-content\/uploads\/2026\/01\/DESAYUNO-2.jpg\" alt=\"DESAYUNO-2\" \/><\/figure><\/div><div class=\"swiper-slide\" role=\"group\" aria-roledescription=\"slide\" aria-label=\"3 de 4\"><figure class=\"swiper-slide-inner\"><img decoding=\"async\" class=\"swiper-slide-image\" src=\"https:\/\/dicyt.usach.cl\/wp-content\/uploads\/2026\/01\/DESAYUNO-3.jpg\" alt=\"DESAYUNO-3\" \/><\/figure><\/div><div class=\"swiper-slide\" role=\"group\" aria-roledescription=\"slide\" aria-label=\"4 de 4\"><figure class=\"swiper-slide-inner\"><img decoding=\"async\" class=\"swiper-slide-image\" src=\"https:\/\/dicyt.usach.cl\/wp-content\/uploads\/2026\/01\/DESAYUNO.jpg\" alt=\"DESAYUNO\" \/><\/figure><\/div>\t\t\t<\/div>\n\t\t\t\t\t\t\t\t\t\t\t\t<div class=\"elementor-swiper-button elementor-swiper-button-prev\" role=\"button\" tabindex=\"0\">\n\t\t\t\t\t\t<i aria-hidden=\"true\" class=\"eicon-chevron-left\"><\/i>\t\t\t\t\t<\/div>\n\t\t\t\t\t<div class=\"elementor-swiper-button elementor-swiper-button-next\" role=\"button\" tabindex=\"0\">\n\t\t\t\t\t\t<i aria-hidden=\"true\" class=\"eicon-chevron-right\"><\/i>\t\t\t\t\t<\/div>\n\t\t\t\t\n\t\t\t\t\t\t\t\t\t<div class=\"swiper-pagination\"><\/div>\n\t\t\t\t\t\t\t\t\t<\/div>\n\t\t\t\t\t\t<\/div>\n\t\t\t\t<\/div>\n\t\t\t\t\t<\/div>\n\t\t\t\t<\/div>\n\t\t\t\t<\/div>\n\t\t","protected":false},"excerpt":{"rendered":"<p>La actividad fue encabezada por el Rector (s) Dr, Cristian Mu\u00f1oz, el Prorrector, Dr, Juan Scrig, el Vicerrector de Investigaci\u00f3n, Innovaci\u00f3n y Creaci\u00f3n, Dr. Pablo Donoso, y la Vicerrectora Acad\u00e9mica, Dra. Leonora Mendoza y cont\u00f3 con la participaci\u00f3n de las y los 19 investigadores e investigadoras adjudicados este a\u00f1o, superando por primera vez el umbral [&hellip;]<\/p>\n","protected":false},"author":1,"featured_media":9538,"comment_status":"closed","ping_status":"closed","sticky":false,"template":"","format":"standard","meta":{"inline_featured_image":false,"_monsterinsights_skip_tracking":false,"_monsterinsights_sitenote_active":false,"_monsterinsights_sitenote_note":"","_monsterinsights_sitenote_category":0,"site-sidebar-layout":"default","site-content-layout":"","ast-site-content-layout":"default","site-content-style":"default","site-sidebar-style":"default","ast-global-header-display":"","ast-banner-title-visibility":"","ast-main-header-display":"","ast-hfb-above-header-display":"","ast-hfb-below-header-display":"","ast-hfb-mobile-header-display":"","site-post-title":"","ast-breadcrumbs-content":"","ast-featured-img":"","footer-sml-layout":"","ast-disable-related-posts":"","theme-transparent-header-meta":"","adv-header-id-meta":"","stick-header-meta":"","header-above-stick-meta":"","header-main-stick-meta":"","header-below-stick-meta":"","astra-migrate-meta-layouts":"set","ast-page-background-enabled":"default","ast-page-background-meta":{"desktop":{"background-color":"","background-image":"","background-repeat":"repeat","background-position":"center center","background-size":"auto","background-attachment":"scroll","background-type":"","background-media":"","overlay-type":"","overlay-color":"","overlay-opacity":"","overlay-gradient":""},"tablet":{"background-color":"","background-image":"","background-repeat":"repeat","background-position":"center center","background-size":"auto","background-attachment":"scroll","background-type":"","background-media":"","overlay-type":"","overlay-color":"","overlay-opacity":"","overlay-gradient":""},"mobile":{"background-color":"","background-image":"","background-repeat":"repeat","background-position":"center center","background-size":"auto","background-attachment":"scroll","background-type":"","background-media":"","overlay-type":"","overlay-color":"","overlay-opacity":"","overlay-gradient":""}},"ast-content-background-meta":{"desktop":{"background-color":"var(--ast-global-color-5)","background-image":"","background-repeat":"repeat","background-position":"center center","background-size":"auto","background-attachment":"scroll","background-type":"","background-media":"","overlay-type":"","overlay-color":"","overlay-opacity":"","overlay-gradient":""},"tablet":{"background-color":"var(--ast-global-color-5)","background-image":"","background-repeat":"repeat","background-position":"center center","background-size":"auto","background-attachment":"scroll","background-type":"","background-media":"","overlay-type":"","overlay-color":"","overlay-opacity":"","overlay-gradient":""},"mobile":{"background-color":"var(--ast-global-color-5)","background-image":"","background-repeat":"repeat","background-position":"center center","background-size":"auto","background-attachment":"scroll","background-type":"","background-media":"","overlay-type":"","overlay-color":"","overlay-opacity":"","overlay-gradient":""}},"footnotes":""},"categories":[1],"tags":[48],"class_list":["post-9525","post","type-post","status-publish","format-standard","has-post-thumbnail","hentry","category-noticias","tag-investigacion"],"rttpg_featured_image_url":{"full":["https:\/\/dicyt.usach.cl\/wp-content\/uploads\/2026\/01\/Sin-titulo-1100-x-363-px-22.png",3438,1134,false],"landscape":["https:\/\/dicyt.usach.cl\/wp-content\/uploads\/2026\/01\/Sin-titulo-1100-x-363-px-22.png",3438,1134,false],"portraits":["https:\/\/dicyt.usach.cl\/wp-content\/uploads\/2026\/01\/Sin-titulo-1100-x-363-px-22.png",3438,1134,false],"thumbnail":["https:\/\/dicyt.usach.cl\/wp-content\/uploads\/2026\/01\/Sin-titulo-1100-x-363-px-22-150x150.png",150,150,true],"medium":["https:\/\/dicyt.usach.cl\/wp-content\/uploads\/2026\/01\/Sin-titulo-1100-x-363-px-22-300x99.png",300,99,true],"large":["https:\/\/dicyt.usach.cl\/wp-content\/uploads\/2026\/01\/Sin-titulo-1100-x-363-px-22-1024x338.png",1024,338,true],"1536x1536":["https:\/\/dicyt.usach.cl\/wp-content\/uploads\/2026\/01\/Sin-titulo-1100-x-363-px-22-1536x507.png",1536,507,true],"2048x2048":["https:\/\/dicyt.usach.cl\/wp-content\/uploads\/2026\/01\/Sin-titulo-1100-x-363-px-22-2048x676.png",2048,676,true],"psacp-medium":["https:\/\/dicyt.usach.cl\/wp-content\/uploads\/2026\/01\/Sin-titulo-1100-x-363-px-22.png",500,165,false],"rpwe-thumbnail":["https:\/\/dicyt.usach.cl\/wp-content\/uploads\/2026\/01\/Sin-titulo-1100-x-363-px-22-45x45.png",45,45,true]},"rttpg_author":{"display_name":"admin_dicyt","author_link":"https:\/\/dicyt.usach.cl\/index.php\/author\/admin_dicyt\/"},"rttpg_comment":0,"rttpg_category":"<a href=\"https:\/\/dicyt.usach.cl\/index.php\/category\/noticias\/\" rel=\"category tag\">NOTICIAS<\/a>","rttpg_excerpt":"La actividad fue encabezada por el Rector (s) Dr, Cristian Mu\u00f1oz, el Prorrector, Dr, Juan Scrig, el Vicerrector de Investigaci\u00f3n, Innovaci\u00f3n y Creaci\u00f3n, Dr. Pablo Donoso, y la Vicerrectora Acad\u00e9mica, Dra. Leonora Mendoza y cont\u00f3 con la participaci\u00f3n de las y los 19 investigadores e investigadoras adjudicados este a\u00f1o, superando por primera vez el umbral&hellip;","_links":{"self":[{"href":"https:\/\/dicyt.usach.cl\/index.php\/wp-json\/wp\/v2\/posts\/9525","targetHints":{"allow":["GET"]}}],"collection":[{"href":"https:\/\/dicyt.usach.cl\/index.php\/wp-json\/wp\/v2\/posts"}],"about":[{"href":"https:\/\/dicyt.usach.cl\/index.php\/wp-json\/wp\/v2\/types\/post"}],"author":[{"embeddable":true,"href":"https:\/\/dicyt.usach.cl\/index.php\/wp-json\/wp\/v2\/users\/1"}],"replies":[{"embeddable":true,"href":"https:\/\/dicyt.usach.cl\/index.php\/wp-json\/wp\/v2\/comments?post=9525"}],"version-history":[{"count":7,"href":"https:\/\/dicyt.usach.cl\/index.php\/wp-json\/wp\/v2\/posts\/9525\/revisions"}],"predecessor-version":[{"id":9539,"href":"https:\/\/dicyt.usach.cl\/index.php\/wp-json\/wp\/v2\/posts\/9525\/revisions\/9539"}],"wp:featuredmedia":[{"embeddable":true,"href":"https:\/\/dicyt.usach.cl\/index.php\/wp-json\/wp\/v2\/media\/9538"}],"wp:attachment":[{"href":"https:\/\/dicyt.usach.cl\/index.php\/wp-json\/wp\/v2\/media?parent=9525"}],"wp:term":[{"taxonomy":"category","embeddable":true,"href":"https:\/\/dicyt.usach.cl\/index.php\/wp-json\/wp\/v2\/categories?post=9525"},{"taxonomy":"post_tag","embeddable":true,"href":"https:\/\/dicyt.usach.cl\/index.php\/wp-json\/wp\/v2\/tags?post=9525"}],"curies":[{"name":"wp","href":"https:\/\/api.w.org\/{rel}","templated":true}]}}